{"id":1298,"date":"2014-09-25T14:00:02","date_gmt":"2014-09-25T11:00:02","guid":{"rendered":"http:\/\/satakunnanyleisurheilu.fi\/?p=1298"},"modified":"2014-09-25T14:00:02","modified_gmt":"2014-09-25T11:00:02","slug":"pori2015-projekti-ja-tehoryhmat-yhdistetaan","status":"publish","type":"post","link":"https:\/\/www.satakunnanyleisurheilu.fi\/?p=1298","title":{"rendered":"Pori2015-projekti ja Tehoryhm\u00e4t yhdistet\u00e4\u00e4n"},"content":{"rendered":"<p><em>Kev\u00e4\u00e4ll\u00e4 k\u00e4ynnistelty Satakunnan Yleisurheilun Pori2015 -projekti ja syksyll\u00e4 alkavat Tehoryhm\u00e4t ovat p\u00e4\u00e4tetty yhdist\u00e4\u00e4.<\/em><\/p>\n<p>&nbsp;<\/p>\n<p>Syyn\u00e4 t\u00e4h\u00e4n p\u00e4\u00e4t\u00f6kseen\u00a0olivat:<\/p>\n<ul>\n<li>Osittain sama kohderyhm\u00e4,<\/li>\n<li>Samat kouluttajat olisivat olleet mukana kummassakin<\/li>\n<li>Synergiaedut<\/li>\n<\/ul>\n<p>&nbsp;<\/p>\n<p>Kuitenkin SATYn valmennustoimikunnassa p\u00e4\u00e4tettiin ett\u00e4 nuoret urheilijat, jotka<b> valitaan soveltuviksi Pori2015 -projektiin<\/b> saavat projektin hengen mukaisesti osallistua <b>Tehoryhmiin ilmaiseksi<\/b>. Ryhmien toimintaan pit\u00e4\u00e4 kuitenkin sitoutua.<\/p>\n<p>Tehoryhmien ilmoittautuminen, kuten my\u00f6s startti- ja piirileiritysten, on viel\u00e4 auki <span style=\"text-decoration: underline;\">tiistaihin 30.9.2014 asti<\/span>. \u00a0Pori2015-projektin osalta hakuaikaa on jatkettu Tehoryhmiin ja niiden ilmoittautuminen k\u00e4y saman nettipohjaisen hakemuskaavakkeen kautta kuin muidenkin. Hakemuksessa on mainittava kohdassa \u00a0&#8221;Tavoitteet\/tulos 2015&#8221; -kohdassa, ett\u00e4 hakee Tehoryhmiin Pori2015-projektin kautta.<\/p>\n<p>Nettiosoite hakemukselle l\u00f6ytyy:<\/p>\n<p><a href=\"http:\/\/satakunnanyleisurheilu.fi\/?page_id=854\">http:\/\/satakunnanyleisurheilu.fi\/?page_id=854<\/a><\/p>\n<p>Valinnat siit\u00e4 ketk\u00e4 ovat oikeutettuja Pori2015-projektin &#8221;etuun&#8221; tekee valmennusp\u00e4\u00e4llikk\u00f6 yhdess\u00e4 kouluttajien kanssa.<\/p>\n<p>Tiedustelut asiasta ja ryhmien toiminnasta Samulle: <a href=\"mailto:samu.myllymaa@gmail.com\">samu.myllymaa@gmail.com<\/a><\/p>\n<p>&nbsp;<\/p>\n<p>&nbsp;<\/p>\n","protected":false},"excerpt":{"rendered":"<p>Kev\u00e4\u00e4ll\u00e4 k\u00e4ynnistelty Satakunnan Yleisurheilun Pori2015 -projekti ja syksyll\u00e4 alkavat Tehoryhm\u00e4t ovat p\u00e4\u00e4tetty yhdist\u00e4\u00e4. &nbsp; Syyn\u00e4 t\u00e4h\u00e4n p\u00e4\u00e4t\u00f6kseen\u00a0olivat: Osittain sama kohderyhm\u00e4, Samat kouluttajat olisivat olleet mukana kummassakin Synergiaedut &nbsp; Kuitenkin SATYn valmennustoimikunnassa p\u00e4\u00e4tettiin ett\u00e4 nuoret urheilijat, jotka valitaan soveltuviksi Pori2015 -projektiin saavat projektin hengen mukaisesti osallistua Tehoryhmiin ilmaiseksi. Ryhmien toimintaan pit\u00e4\u00e4 kuitenkin sitoutua. Tehoryhmien ilmoittautuminen, kuten&hellip; <a class=\"more-link\" href=\"https:\/\/www.satakunnanyleisurheilu.fi\/?p=1298\">Jatka lukemista <span class=\"screen-reader-text\">Pori2015-projekti ja Tehoryhm\u00e4t yhdistet\u00e4\u00e4n<\/span><\/a><\/p>\n","protected":false},"author":2,"featured_media":0,"comment_status":"closed","ping_status":"open","sticky":false,"template":"","format":"standard","meta":{"jetpack_post_was_ever_published":false,"_jetpack_newsletter_access":"","_jetpack_dont_email_post_to_subs":false,"_jetpack_newsletter_tier_id":0,"_jetpack_memberships_contains_paywalled_content":false,"_jetpack_memberships_contains_paid_content":false,"footnotes":"","jetpack_publicize_message":"","jetpack_publicize_feature_enabled":true,"jetpack_social_post_already_shared":false,"jetpack_social_options":{"image_generator_settings":{"template":"highway","default_image_id":0,"font":"","enabled":false},"version":2}},"categories":[1],"tags":[],"class_list":["post-1298","post","type-post","status-publish","format-standard","hentry","category-yleinen","entry"],"jetpack_publicize_connections":[],"jetpack_featured_media_url":"","jetpack_sharing_enabled":true,"jetpack_shortlink":"https:\/\/wp.me\/p5Y5ll-kW","_links":{"self":[{"href":"https:\/\/www.satakunnanyleisurheilu.fi\/index.php?rest_route=\/wp\/v2\/posts\/1298","targetHints":{"allow":["GET"]}}],"collection":[{"href":"https:\/\/www.satakunnanyleisurheilu.fi\/index.php?rest_route=\/wp\/v2\/posts"}],"about":[{"href":"https:\/\/www.satakunnanyleisurheilu.fi\/index.php?rest_route=\/wp\/v2\/types\/post"}],"author":[{"embeddable":true,"href":"https:\/\/www.satakunnanyleisurheilu.fi\/index.php?rest_route=\/wp\/v2\/users\/2"}],"replies":[{"embeddable":true,"href":"https:\/\/www.satakunnanyleisurheilu.fi\/index.php?rest_route=%2Fwp%2Fv2%2Fcomments&post=1298"}],"version-history":[{"count":1,"href":"https:\/\/www.satakunnanyleisurheilu.fi\/index.php?rest_route=\/wp\/v2\/posts\/1298\/revisions"}],"predecessor-version":[{"id":1299,"href":"https:\/\/www.satakunnanyleisurheilu.fi\/index.php?rest_route=\/wp\/v2\/posts\/1298\/revisions\/1299"}],"wp:attachment":[{"href":"https:\/\/www.satakunnanyleisurheilu.fi\/index.php?rest_route=%2Fwp%2Fv2%2Fmedia&parent=1298"}],"wp:term":[{"taxonomy":"category","embeddable":true,"href":"https:\/\/www.satakunnanyleisurheilu.fi\/index.php?rest_route=%2Fwp%2Fv2%2Fcategories&post=1298"},{"taxonomy":"post_tag","embeddable":true,"href":"https:\/\/www.satakunnanyleisurheilu.fi\/index.php?rest_route=%2Fwp%2Fv2%2Ftags&post=1298"}],"curies":[{"name":"wp","href":"https:\/\/api.w.org\/{rel}","templated":true}]}}