{"id":1529,"date":"2015-08-24T22:21:30","date_gmt":"2015-08-24T19:21:30","guid":{"rendered":"http:\/\/satakunnanyleisurheilu.fi\/?p=1529"},"modified":"2015-08-24T22:21:30","modified_gmt":"2015-08-24T19:21:30","slug":"lasten-yu-ohjaajakurssi-parkanossa-18-19-9","status":"publish","type":"post","link":"https:\/\/www.satakunnanyleisurheilu.fi\/?p=1529","title":{"rendered":"Lasten YU-ohjaajakurssi Parkanossa 18.-19.9."},"content":{"rendered":"<p>J\u00e4rjest\u00e4mme I-tason lasten yleisurheiluohjaajakurssin Parkanossa 18-19.9. \u00a0Kurssin j\u00e4lkeen kurssilainen osaa suunnitella ja ohjata seuran 7 &#8211; 11-vuotiaiden urheilukoulua huomioiden lasten<br \/>\nfyysisen, psyykkisen ja sosiaalisen kasvun sek\u00e4 kehityksen.<\/p>\n<p>Lis\u00e4tietoa kurssista <a href=\"http:\/\/satakunnanyleisurheilu.fi\/wp-content\/uploads\/2015\/08\/LYK-Parkano-kutsu-syyskuu-2015.pdf\">t\u00e4\u00e4lt\u00e4<\/a>.<\/p>\n<p>&nbsp;<\/p>\n","protected":false},"excerpt":{"rendered":"<p>J\u00e4rjest\u00e4mme I-tason lasten yleisurheiluohjaajakurssin Parkanossa 18-19.9. \u00a0Kurssin j\u00e4lkeen kurssilainen osaa suunnitella ja ohjata seuran 7 &#8211; 11-vuotiaiden urheilukoulua huomioiden lasten fyysisen, psyykkisen ja sosiaalisen kasvun sek\u00e4 kehityksen. Lis\u00e4tietoa kurssista t\u00e4\u00e4lt\u00e4. &nbsp;<\/p>\n","protected":false},"author":6,"featured_media":0,"comment_status":"closed","ping_status":"open","sticky":false,"template":"","format":"standard","meta":{"jetpack_post_was_ever_published":false,"_jetpack_newsletter_access":"","_jetpack_dont_email_post_to_subs":false,"_jetpack_newsletter_tier_id":0,"_jetpack_memberships_contains_paywalled_content":false,"_jetpack_memberships_contains_paid_content":false,"footnotes":"","jetpack_publicize_message":"","jetpack_publicize_feature_enabled":true,"jetpack_social_post_already_shared":true,"jetpack_social_options":{"image_generator_settings":{"template":"highway","default_image_id":0,"font":"","enabled":false},"version":2}},"categories":[4],"tags":[],"class_list":["post-1529","post","type-post","status-publish","format-standard","hentry","category-koulutus","entry"],"jetpack_publicize_connections":[],"jetpack_featured_media_url":"","jetpack_sharing_enabled":true,"jetpack_shortlink":"https:\/\/wp.me\/p5Y5ll-oF","_links":{"self":[{"href":"https:\/\/www.satakunnanyleisurheilu.fi\/index.php?rest_route=\/wp\/v2\/posts\/1529","targetHints":{"allow":["GET"]}}],"collection":[{"href":"https:\/\/www.satakunnanyleisurheilu.fi\/index.php?rest_route=\/wp\/v2\/posts"}],"about":[{"href":"https:\/\/www.satakunnanyleisurheilu.fi\/index.php?rest_route=\/wp\/v2\/types\/post"}],"author":[{"embeddable":true,"href":"https:\/\/www.satakunnanyleisurheilu.fi\/index.php?rest_route=\/wp\/v2\/users\/6"}],"replies":[{"embeddable":true,"href":"https:\/\/www.satakunnanyleisurheilu.fi\/index.php?rest_route=%2Fwp%2Fv2%2Fcomments&post=1529"}],"version-history":[{"count":1,"href":"https:\/\/www.satakunnanyleisurheilu.fi\/index.php?rest_route=\/wp\/v2\/posts\/1529\/revisions"}],"predecessor-version":[{"id":1531,"href":"https:\/\/www.satakunnanyleisurheilu.fi\/index.php?rest_route=\/wp\/v2\/posts\/1529\/revisions\/1531"}],"wp:attachment":[{"href":"https:\/\/www.satakunnanyleisurheilu.fi\/index.php?rest_route=%2Fwp%2Fv2%2Fmedia&parent=1529"}],"wp:term":[{"taxonomy":"category","embeddable":true,"href":"https:\/\/www.satakunnanyleisurheilu.fi\/index.php?rest_route=%2Fwp%2Fv2%2Fcategories&post=1529"},{"taxonomy":"post_tag","embeddable":true,"href":"https:\/\/www.satakunnanyleisurheilu.fi\/index.php?rest_route=%2Fwp%2Fv2%2Ftags&post=1529"}],"curies":[{"name":"wp","href":"https:\/\/api.w.org\/{rel}","templated":true}]}}