{"id":1927,"date":"2017-09-21T07:42:27","date_gmt":"2017-09-21T04:42:27","guid":{"rendered":"http:\/\/satakunnanyleisurheilu.fi\/?p=1927"},"modified":"2017-09-21T07:42:27","modified_gmt":"2017-09-21T04:42:27","slug":"starttileirin-haku-auki","status":"publish","type":"post","link":"https:\/\/www.satakunnanyleisurheilu.fi\/?p=1927","title":{"rendered":"Starttileirin haku auki!"},"content":{"rendered":"<p>Sarttileirityksen haku on nyt auki!<\/p>\n<p>Lis\u00e4tietoja <a href=\"http:\/\/satakunnanyleisurheilu.fi\/?page_id=58\">http:\/\/satakunnanyleisurheilu.fi\/?page_id=58<\/a><\/p>\n<p>Starttileiri on tarkoitettu 8-12 vuotiaille. Leirityst\u00e4\u00a0on uudistettu\u00a0enemm\u00e4n lajiharjoitteluun perustuvaksi, erityisesti ik\u00e4luokissa 11-12 vuotta. Starttileirit j\u00e4rjestet\u00e4\u00e4n Porin urheilutalolla. Hae nyt mukaan!<\/p>\n","protected":false},"excerpt":{"rendered":"<p>Sarttileirityksen haku on nyt auki! Lis\u00e4tietoja http:\/\/satakunnanyleisurheilu.fi\/?page_id=58 Starttileiri on tarkoitettu 8-12 vuotiaille. Leirityst\u00e4\u00a0on uudistettu\u00a0enemm\u00e4n lajiharjoitteluun perustuvaksi, erityisesti ik\u00e4luokissa 11-12 vuotta. Starttileirit j\u00e4rjestet\u00e4\u00e4n Porin urheilutalolla. Hae nyt mukaan!<\/p>\n","protected":false},"author":2,"featured_media":0,"comment_status":"closed","ping_status":"open","sticky":false,"template":"","format":"standard","meta":{"jetpack_post_was_ever_published":false,"_jetpack_newsletter_access":"","_jetpack_dont_email_post_to_subs":false,"_jetpack_newsletter_tier_id":0,"_jetpack_memberships_contains_paywalled_content":false,"_jetpack_memberships_contains_paid_content":false,"footnotes":"","jetpack_publicize_message":"","jetpack_publicize_feature_enabled":true,"jetpack_social_post_already_shared":true,"jetpack_social_options":{"image_generator_settings":{"template":"highway","default_image_id":0,"font":"","enabled":false},"version":2}},"categories":[1],"tags":[],"class_list":["post-1927","post","type-post","status-publish","format-standard","hentry","category-yleinen","entry"],"jetpack_publicize_connections":[],"jetpack_featured_media_url":"","jetpack_sharing_enabled":true,"jetpack_shortlink":"https:\/\/wp.me\/p5Y5ll-v5","_links":{"self":[{"href":"https:\/\/www.satakunnanyleisurheilu.fi\/index.php?rest_route=\/wp\/v2\/posts\/1927","targetHints":{"allow":["GET"]}}],"collection":[{"href":"https:\/\/www.satakunnanyleisurheilu.fi\/index.php?rest_route=\/wp\/v2\/posts"}],"about":[{"href":"https:\/\/www.satakunnanyleisurheilu.fi\/index.php?rest_route=\/wp\/v2\/types\/post"}],"author":[{"embeddable":true,"href":"https:\/\/www.satakunnanyleisurheilu.fi\/index.php?rest_route=\/wp\/v2\/users\/2"}],"replies":[{"embeddable":true,"href":"https:\/\/www.satakunnanyleisurheilu.fi\/index.php?rest_route=%2Fwp%2Fv2%2Fcomments&post=1927"}],"version-history":[{"count":1,"href":"https:\/\/www.satakunnanyleisurheilu.fi\/index.php?rest_route=\/wp\/v2\/posts\/1927\/revisions"}],"predecessor-version":[{"id":1928,"href":"https:\/\/www.satakunnanyleisurheilu.fi\/index.php?rest_route=\/wp\/v2\/posts\/1927\/revisions\/1928"}],"wp:attachment":[{"href":"https:\/\/www.satakunnanyleisurheilu.fi\/index.php?rest_route=%2Fwp%2Fv2%2Fmedia&parent=1927"}],"wp:term":[{"taxonomy":"category","embeddable":true,"href":"https:\/\/www.satakunnanyleisurheilu.fi\/index.php?rest_route=%2Fwp%2Fv2%2Fcategories&post=1927"},{"taxonomy":"post_tag","embeddable":true,"href":"https:\/\/www.satakunnanyleisurheilu.fi\/index.php?rest_route=%2Fwp%2Fv2%2Ftags&post=1927"}],"curies":[{"name":"wp","href":"https:\/\/api.w.org\/{rel}","templated":true}]}}